{"id":206,"date":"2019-02-15T16:01:52","date_gmt":"2019-02-15T16:01:52","guid":{"rendered":"http:\/\/localhost:8080\/alternactiva\/?p=206"},"modified":"2023-06-05T13:07:27","modified_gmt":"2023-06-05T13:07:27","slug":"programa-escola-alternativa-de-escrita-e-comunicacao-popular-beira-20-13-fevereiro","status":"publish","type":"post","link":"https:\/\/alternactiva.co.mz\/en\/programa-escola-alternativa-de-escrita-e-comunicacao-popular-beira-20-13-fevereiro\/","title":{"rendered":"Programa Geral de Forma\u00e7\u00e3o &#8211; Escola Alternactiva de Escrita, Debate e Comunica\u00e7\u00e3o Popular (Beira, 21, 22 e 23 de Fevereiro)"},"content":{"rendered":"<p style=\"text-align: center;\"><img loading=\"lazy\" decoding=\"async\" class=\"alignnone size-full wp-image-207\" src=\"http:\/\/localhost:8080\/alternactiva\/wp-content\/uploads\/2019\/02\/Altenarctiva-logo.png\" alt=\"\" width=\"287\" height=\"183\" \/>\u00a0 <img loading=\"lazy\" decoding=\"async\" class=\"alignnone size-full wp-image-209\" src=\"http:\/\/localhost:8080\/alternactiva\/wp-content\/uploads\/2019\/02\/FM-logo.png\" alt=\"\" width=\"171\" height=\"131\" \/><img loading=\"lazy\" decoding=\"async\" class=\"alignnone size-full wp-image-208\" src=\"http:\/\/localhost:8080\/alternactiva\/wp-content\/uploads\/2019\/02\/AK-Logo.png\" alt=\"\" width=\"301\" height=\"122\" \/><\/p>\n<p style=\"text-align: center;\"><strong>Escola Alternativa de Forma\u00e7\u00e3o e Debate Democr\u00e1tico:<\/strong><\/p>\n<p style=\"text-align: center;\"><strong>\u201cEscrita criativa e activismo social\u201d<\/strong><\/p>\n<p style=\"text-align: center;\"><strong>Beira, 20-23 de Fevereiro<\/strong><\/p>\n<p>&nbsp;<\/p>\n<p><em>Proposta de programa (ser\u00e1 discutido, modificado e aprovado pelos participantes)<\/em><\/p>\n<p><strong>NOTA: Aos participantes ser-lhes h\u00e1 solicitado chegar \u00e0 escola com um texto escrito (entre 700 a mil palavras), tema da sua autoria. Opini\u00e3o ou not\u00edcia. Para exerc\u00edcios das sess\u00f5es formativas. Os que preferirem outras formas de express\u00e3o (poesia, cr\u00f3nica, etc.) podem faz\u00ea-lo; assim como os que tenham material audiovisual e imagens. As sess\u00f5es em grupo ser\u00e3o para trabalhar com profundidade os textos e materiais que se tenham preparado.<\/strong><\/p>\n<p><strong><em>Equipa de metodologia<\/em><\/strong> (proposta): Boa, Nzira, Ruth, R\u00e9gio<\/p>\n<p><strong>19\/02: <\/strong>Viagem e chegada dos membros do Comit\u00e9 Editorial<\/p>\n<p><strong>Noite<\/strong> \u2013 <strong>Encontro preparat\u00f3rio (metodologia, programa, din\u00e2micas, materiais)<\/strong>: Equipa de metodologia + moderadores + apresentadores\/Facilitadores<\/p>\n<p><strong>20\/02:<\/strong> Viagem e chegada dxs participantes da Escola de forma\u00e7\u00e3o e Debate Democr\u00e1tico<\/p>\n<p><strong>21, 22, e 23 FEV<\/strong><\/p>\n<p>(ESCOLA DE FORMA\u00c7\u00c3O \u2013 \u201cEscrita <em>crialternactiva<\/em> e activismo social\u201d)<strong>\u00a0<\/strong><\/p>\n<p>&nbsp;<\/p>\n<p><strong>[<\/strong><strong>PRIMEIRO DIA]: 21\/02<\/strong><\/p>\n<p>07h00 \u2013 08h30: Pequeno almo\u00e7o<\/p>\n<p>08h30 \u2013 09h00: Recolha de materiais e concentra\u00e7\u00e3o da sala<\/p>\n<p><strong>SESS\u00c3O INTRODUT\u00d3RIA<\/strong><\/p>\n<p>09h00 \u2013 09h15: Nota introdut\u00f3ria (porque estamos aqui), apresenta\u00e7\u00e3o do Programa e Aprova\u00e7\u00e3o [<strong>Eliana<\/strong>]<\/p>\n<p>09h15 \u2013 10h00: Din\u00e2mica de apresenta\u00e7\u00f5es dxs participantes [<strong>Eliana<\/strong>]<\/p>\n<p>10h00 \u2013 10h30: <strong>Alternactiva<\/strong>: o que \u00e9, o que pretende ser e a colabora\u00e7\u00e3o colectiva [<strong>Boa<\/strong>]<\/p>\n<p>10h30 \u2013 11h00: Perguntas, esclarecimentos, debate<\/p>\n<p>11h-11h20: Intervalo<\/p>\n<p><strong>SESS\u00c3O DE CONJUNTURA<\/strong><\/p>\n<p>11h20 \u2013 13h00: Como vai o mundo hoje?<\/p>\n<p>Geopol\u00edtica, economia, imperialismo, participa\u00e7\u00e3o e movimentos sociais [<strong>Ruth<\/strong>]<\/p>\n<p>11h45 \u2013 12h05: Mo\u00e7ambique [<strong>R\u00e9gio<\/strong>]<\/p>\n<p>12h05 \u2013 12h25: Brasil [<strong>Midia Ninja\/TV Alimenta\u00e7\u00e3o e Poder<\/strong>]<\/p>\n<p>12h25 \u2013 12h45: Dinamarca [<strong>AK<\/strong>]<\/p>\n<p>12h45 \u2013 13h00: Debate em grupos (?): <strong>Como me revejo no contexto actual na minha vida pessoal, profissional e na rela\u00e7\u00e3o com a minha comunidade?<\/strong><\/p>\n<p>13h00 \u2013 14h15: Intervalo (Almo\u00e7o)<\/p>\n<p><strong>SESS\u00c3O FORMATIVA<\/strong><\/p>\n<p>14h15 \u2013 14h45: Jornalismo mo\u00e7ambicano (hist\u00f3ria e pr\u00e1ticas actuais) [<strong>Boa<\/strong>]<\/p>\n<p>14h45 \u2013 15h30: Escrita criativa. Defini\u00e7\u00e3o, t\u00e9cnicas [<strong>Eliana<\/strong> e <strong>S\u00e9rgio<\/strong>]<\/p>\n<p>15h30 \u2013 16h30: T\u00e9cnicas de Escrita: jornalismo, reportagem, entrevista, ensaio, op-ed (opini\u00e3o), [<strong>Boa, Natacha<\/strong>]<\/p>\n<p>16h30 \u2013 16h45: Intervalo<\/p>\n<p>16h45 \u2013 17h25: Fotografia e material audiovisual (poder da imagem e t\u00e9cnicas b\u00e1sicas de fotografar) [<strong>M\u00e1rio e Midia Ninja\/TV Alimenta\u00e7\u00e3o e Poder<\/strong>]<\/p>\n<p>17h25 \u2013 17h30: Resumo, nota de encerramento e encaminhamentos [<strong>Participante volunt\u00e1rio<\/strong>]<\/p>\n<p><strong>[SEGUNDO <\/strong><strong>DIA]: 22\/02<\/strong><\/p>\n<p>07h00 \u2013 08h30: Pequeno almo\u00e7o<\/p>\n<p>08h30 \u2013 09h00: Divis\u00e3o em grupos, para sess\u00f5es pr\u00e1ticas, por interesses (Escrita, Audiovisual, etc.) \u2013 <strong>discute-se, com flexibilidade, a forma mais pr\u00e1tica de organizar as sess\u00f5es pr\u00e1ticas&#8230; Cada grupo conta com um facilitador.<\/strong><\/p>\n<p>09h00 \u2013 09h45: Experi\u00eancias do Brasil (Medias alternativos, pr\u00e1ticas e estrat\u00e9gias de comunica\u00e7\u00e3o. Demonstra\u00e7\u00f5es de ferramentas) [Midia Ninja<strong>\/TV AlePoder<\/strong>]<\/p>\n<p>09h45 \u2013 10h30: Experi\u00eancias da Dinamarca (Medias alternativos, pr\u00e1ticas e estrat\u00e9gias de comunica\u00e7\u00e3o. Demonstra\u00e7\u00f5es de ferramentas) [<strong>Rune Bodker\/AK<\/strong>]<\/p>\n<p>10h30 \u2013 11h00: D\u00favidas, debate.<\/p>\n<p>11h00 \u2013 11h20: Intervalo<\/p>\n<p>11h20 \u2013 11h45: Ferramentas\/Medias do <strong>Alternactiva<\/strong> (Website, Redes Sociais, Newsletter \u2013 Demonstra\u00e7\u00e3o pr\u00e1tica) [<strong>Boa<\/strong>]<\/p>\n<p>11h45 \u2013 13h00: Trabalho pr\u00e1tico em grupos (Escrita, Audiovisual, Redes Sociais) [<strong>Facilitadores acompanham os trabalhos e fornecem apoio<\/strong>]<\/p>\n<p>13h00 \u2013 \u00a014h15: Intervalo (Almo\u00e7o)<\/p>\n<p>14h15 \u2013 16h00: Continua\u00e7\u00e3o do Trabalho em Grupo e finaliza\u00e7\u00e3o do material\/conte\u00fados [<strong>Facilitadores acompanham os trabalhos e fornecem apoio<\/strong>]<\/p>\n<p>16h00 \u2013 16h15: Intervalo<\/p>\n<p>16h15 \u2013 17h30: Apresenta\u00e7\u00e3o dos trabalhos pr\u00e1ticos (<strong>Os grupos selecionam alguns trabalhos para apresenta\u00e7\u00e3o em plen\u00e1ria<\/strong>)<\/p>\n<p><strong>\u00a0<\/strong><strong>[TERCEIRO <\/strong><strong>DIA]: 23\/02<\/strong><\/p>\n<p><strong>\u00a0<\/strong><strong>NOTA: <\/strong>Os participantes que regressam na tarde de 23, fazer o check-out do hotel antes da sess\u00e3o e deixar as malas na recep\u00e7\u00e3o<\/p>\n<p>07h00 \u2013 08h30: Pequeno almo\u00e7o<\/p>\n<p><strong>\u00a0<\/strong>08h30 \u2013 10h00: Activismo e participa\u00e7\u00e3o cidad\u00e3 em Mo\u00e7ambique : (Feminismos, Ambientalismo, LGBTQ, Sindicalismo, \u201cCampesinismo\u201d&#8230;.) [<strong>Nota introdut\u00f3ria Nzira e conversa colectiva<\/strong>]: <strong>como fa\u00e7o o meu activismo e como aprofundar o engajamento?<\/strong><\/p>\n<p>10h00 \u2013 11h00: Como construir a nossa rede de activismo a partir da escrita e produ\u00e7\u00e3o audiovisual? Como fortalecer a nossa rede e como alarga-la? [Chuva de ideias, sugest\u00f5es. <strong>Todxs<\/strong>]<\/p>\n<p><strong>\u00a0<\/strong>11h00 \u2013 11h15: Intervalo<\/p>\n<p><strong>\u00a0<\/strong>11h15 \u2013 12h00: Sistematiza\u00e7\u00e3o (aprendizagens, insights a destacar, compromissos e caminhos futuros) [<strong>Boa e Ruth<\/strong>]<\/p>\n<p>12h00 \u2013 Almo\u00e7o<\/p>\n<p>Tarde \u2013 <strong>Regresso (para os que t\u00eam viagem neste dia).<\/strong><\/p>\n<p><strong>24\/02<\/strong><\/p>\n<p><strong>Regresso do resto dos\/das participantes<\/strong><\/p>\n<p style=\"text-align: center;\"><strong>********************<\/strong><\/p>","protected":false},"excerpt":{"rendered":"<p>\u00a0 Escola Alternativa de Forma\u00e7\u00e3o e Debate Democr\u00e1tico: \u201cEscrita criativa e activismo social\u201d Beira, 20-23 de Fevereiro &nbsp; Proposta de programa (ser\u00e1 discutido, modificado e aprovado pelos participantes) NOTA: Aos participantes ser-lhes h\u00e1 solicitado chegar \u00e0 escola com um texto escrito (entre 700 a mil palavras), tema da sua autoria. Opini\u00e3o ou not\u00edcia. Para exerc\u00edcios [&hellip;]<\/p>","protected":false},"author":1,"featured_media":0,"comment_status":"closed","ping_status":"open","sticky":false,"template":"","format":"standard","meta":{"footnotes":""},"categories":[7],"tags":[],"class_list":["post-206","post","type-post","status-publish","format-standard","hentry","category-sem-categoria"],"yoast_head":"<!-- This site is optimized with the Yoast SEO plugin v24.0 - https:\/\/yoast.com\/wordpress\/plugins\/seo\/ -->\n<title>Programa Geral de Forma\u00e7\u00e3o - Escola Alternactiva de Escrita, Debate e Comunica\u00e7\u00e3o Popular (Beira, 21, 22 e 23 de Fevereiro) - Alternactiva<\/title>\n<meta name=\"robots\" content=\"index, follow, max-snippet:-1, max-image-preview:large, max-video-preview:-1\" \/>\n<link rel=\"canonical\" href=\"https:\/\/alternactiva.co.mz\/en\/programa-escola-alternativa-de-escrita-e-comunicacao-popular-beira-20-13-fevereiro\/\" \/>\n<meta property=\"og:locale\" content=\"en_GB\" \/>\n<meta property=\"og:type\" content=\"article\" \/>\n<meta property=\"og:title\" content=\"Programa Geral de Forma\u00e7\u00e3o - Escola Alternactiva de Escrita, Debate e Comunica\u00e7\u00e3o Popular (Beira, 21, 22 e 23 de Fevereiro) - Alternactiva\" \/>\n<meta property=\"og:description\" content=\"\u00a0 Escola Alternativa de Forma\u00e7\u00e3o e Debate Democr\u00e1tico: \u201cEscrita criativa e activismo social\u201d Beira, 20-23 de Fevereiro &nbsp; Proposta de programa (ser\u00e1 discutido, modificado e aprovado pelos participantes) NOTA: Aos participantes ser-lhes h\u00e1 solicitado chegar \u00e0 escola com um texto escrito (entre 700 a mil palavras), tema da sua autoria. Opini\u00e3o ou not\u00edcia. Para exerc\u00edcios [&hellip;]\" \/>\n<meta property=\"og:url\" content=\"https:\/\/alternactiva.co.mz\/en\/programa-escola-alternativa-de-escrita-e-comunicacao-popular-beira-20-13-fevereiro\/\" \/>\n<meta property=\"og:site_name\" content=\"Alternactiva\" \/>\n<meta property=\"article:publisher\" content=\"https:\/\/www.facebook.com\/Alternactiva-771376996531249\" \/>\n<meta property=\"article:published_time\" content=\"2019-02-15T16:01:52+00:00\" \/>\n<meta property=\"article:modified_time\" content=\"2023-06-05T13:07:27+00:00\" \/>\n<meta property=\"og:image\" content=\"http:\/\/localhost:8080\/alternactiva\/wp-content\/uploads\/2019\/02\/Altenarctiva-logo.png\" \/>\n<meta name=\"author\" content=\"boamonjane\" \/>\n<meta name=\"twitter:card\" content=\"summary_large_image\" \/>\n<meta name=\"twitter:creator\" content=\"@AlternactivaMZ\" \/>\n<meta name=\"twitter:site\" content=\"@AlternactivaMZ\" \/>\n<meta name=\"twitter:label1\" content=\"Written by\" \/>\n\t<meta name=\"twitter:data1\" content=\"boamonjane\" \/>\n\t<meta name=\"twitter:label2\" content=\"Estimated reading time\" \/>\n\t<meta name=\"twitter:data2\" content=\"3 minutes\" \/>\n<script type=\"application\/ld+json\" class=\"yoast-schema-graph\">{\"@context\":\"https:\/\/schema.org\",\"@graph\":[{\"@type\":\"Article\",\"@id\":\"https:\/\/alternactiva.co.mz\/programa-escola-alternativa-de-escrita-e-comunicacao-popular-beira-20-13-fevereiro\/#article\",\"isPartOf\":{\"@id\":\"https:\/\/alternactiva.co.mz\/programa-escola-alternativa-de-escrita-e-comunicacao-popular-beira-20-13-fevereiro\/\"},\"author\":{\"name\":\"boamonjane\",\"@id\":\"https:\/\/alternactiva.co.mz\/#\/schema\/person\/e02f24c5cdf7e96cc3289c49bb2ae176\"},\"headline\":\"Programa Geral de Forma\u00e7\u00e3o &#8211; Escola Alternactiva de Escrita, Debate e Comunica\u00e7\u00e3o Popular (Beira, 21, 22 e 23 de Fevereiro)\",\"datePublished\":\"2019-02-15T16:01:52+00:00\",\"dateModified\":\"2023-06-05T13:07:27+00:00\",\"mainEntityOfPage\":{\"@id\":\"https:\/\/alternactiva.co.mz\/programa-escola-alternativa-de-escrita-e-comunicacao-popular-beira-20-13-fevereiro\/\"},\"wordCount\":716,\"publisher\":{\"@id\":\"https:\/\/alternactiva.co.mz\/#organization\"},\"image\":{\"@id\":\"https:\/\/alternactiva.co.mz\/programa-escola-alternativa-de-escrita-e-comunicacao-popular-beira-20-13-fevereiro\/#primaryimage\"},\"thumbnailUrl\":\"http:\/\/localhost:8080\/alternactiva\/wp-content\/uploads\/2019\/02\/Altenarctiva-logo.png\",\"articleSection\":[\"Sem categoria\"],\"inLanguage\":\"en-GB\"},{\"@type\":\"WebPage\",\"@id\":\"https:\/\/alternactiva.co.mz\/programa-escola-alternativa-de-escrita-e-comunicacao-popular-beira-20-13-fevereiro\/\",\"url\":\"https:\/\/alternactiva.co.mz\/programa-escola-alternativa-de-escrita-e-comunicacao-popular-beira-20-13-fevereiro\/\",\"name\":\"Programa Geral de Forma\u00e7\u00e3o - Escola Alternactiva de Escrita, Debate e Comunica\u00e7\u00e3o Popular (Beira, 21, 22 e 23 de Fevereiro) - Alternactiva\",\"isPartOf\":{\"@id\":\"https:\/\/alternactiva.co.mz\/#website\"},\"primaryImageOfPage\":{\"@id\":\"https:\/\/alternactiva.co.mz\/programa-escola-alternativa-de-escrita-e-comunicacao-popular-beira-20-13-fevereiro\/#primaryimage\"},\"image\":{\"@id\":\"https:\/\/alternactiva.co.mz\/programa-escola-alternativa-de-escrita-e-comunicacao-popular-beira-20-13-fevereiro\/#primaryimage\"},\"thumbnailUrl\":\"http:\/\/localhost:8080\/alternactiva\/wp-content\/uploads\/2019\/02\/Altenarctiva-logo.png\",\"datePublished\":\"2019-02-15T16:01:52+00:00\",\"dateModified\":\"2023-06-05T13:07:27+00:00\",\"breadcrumb\":{\"@id\":\"https:\/\/alternactiva.co.mz\/programa-escola-alternativa-de-escrita-e-comunicacao-popular-beira-20-13-fevereiro\/#breadcrumb\"},\"inLanguage\":\"en-GB\",\"potentialAction\":[{\"@type\":\"ReadAction\",\"target\":[\"https:\/\/alternactiva.co.mz\/programa-escola-alternativa-de-escrita-e-comunicacao-popular-beira-20-13-fevereiro\/\"]}]},{\"@type\":\"ImageObject\",\"inLanguage\":\"en-GB\",\"@id\":\"https:\/\/alternactiva.co.mz\/programa-escola-alternativa-de-escrita-e-comunicacao-popular-beira-20-13-fevereiro\/#primaryimage\",\"url\":\"http:\/\/localhost:8080\/alternactiva\/wp-content\/uploads\/2019\/02\/Altenarctiva-logo.png\",\"contentUrl\":\"http:\/\/localhost:8080\/alternactiva\/wp-content\/uploads\/2019\/02\/Altenarctiva-logo.png\"},{\"@type\":\"BreadcrumbList\",\"@id\":\"https:\/\/alternactiva.co.mz\/programa-escola-alternativa-de-escrita-e-comunicacao-popular-beira-20-13-fevereiro\/#breadcrumb\",\"itemListElement\":[{\"@type\":\"ListItem\",\"position\":1,\"name\":\"Home\",\"item\":\"https:\/\/alternactiva.co.mz\/\"},{\"@type\":\"ListItem\",\"position\":2,\"name\":\"Programa Geral de Forma\u00e7\u00e3o &#8211; Escola Alternactiva de Escrita, Debate e Comunica\u00e7\u00e3o Popular (Beira, 21, 22 e 23 de Fevereiro)\"}]},{\"@type\":\"WebSite\",\"@id\":\"https:\/\/alternactiva.co.mz\/#website\",\"url\":\"https:\/\/alternactiva.co.mz\/\",\"name\":\"Alternactiva\",\"description\":\"\",\"publisher\":{\"@id\":\"https:\/\/alternactiva.co.mz\/#organization\"},\"potentialAction\":[{\"@type\":\"SearchAction\",\"target\":{\"@type\":\"EntryPoint\",\"urlTemplate\":\"https:\/\/alternactiva.co.mz\/?s={search_term_string}\"},\"query-input\":{\"@type\":\"PropertyValueSpecification\",\"valueRequired\":true,\"valueName\":\"search_term_string\"}}],\"inLanguage\":\"en-GB\"},{\"@type\":\"Organization\",\"@id\":\"https:\/\/alternactiva.co.mz\/#organization\",\"name\":\"Alternactiva\",\"url\":\"https:\/\/alternactiva.co.mz\/\",\"logo\":{\"@type\":\"ImageObject\",\"inLanguage\":\"en-GB\",\"@id\":\"https:\/\/alternactiva.co.mz\/#\/schema\/logo\/image\/\",\"url\":\"https:\/\/alternactiva.co.mz\/wp-content\/uploads\/2023\/05\/alternactiva-white.png\",\"contentUrl\":\"https:\/\/alternactiva.co.mz\/wp-content\/uploads\/2023\/05\/alternactiva-white.png\",\"width\":300,\"height\":171,\"caption\":\"Alternactiva\"},\"image\":{\"@id\":\"https:\/\/alternactiva.co.mz\/#\/schema\/logo\/image\/\"},\"sameAs\":[\"https:\/\/www.facebook.com\/Alternactiva-771376996531249\",\"https:\/\/x.com\/AlternactivaMZ\",\"https:\/\/www.instagram.com\/alternactivamoz\/\",\"https:\/\/www.youtube.com\/@alternactivaplataforma4685\"]},{\"@type\":\"Person\",\"@id\":\"https:\/\/alternactiva.co.mz\/#\/schema\/person\/e02f24c5cdf7e96cc3289c49bb2ae176\",\"name\":\"boamonjane\",\"image\":{\"@type\":\"ImageObject\",\"inLanguage\":\"en-GB\",\"@id\":\"https:\/\/alternactiva.co.mz\/#\/schema\/person\/image\/\",\"url\":\"https:\/\/secure.gravatar.com\/avatar\/6f393fa9e7db4a4f58b55dc24bba6fe838238353021d6dee350e4a480abe65a1?s=96&d=mm&r=g\",\"contentUrl\":\"https:\/\/secure.gravatar.com\/avatar\/6f393fa9e7db4a4f58b55dc24bba6fe838238353021d6dee350e4a480abe65a1?s=96&d=mm&r=g\",\"caption\":\"boamonjane\"},\"sameAs\":[\"http:\/\/alternactiva.co.mz\"],\"url\":\"https:\/\/alternactiva.co.mz\/en\/author\/boamonjane\/\"}]}<\/script>\n<!-- \/ Yoast SEO plugin. -->","yoast_head_json":{"title":"Programa Geral de Forma\u00e7\u00e3o - Escola Alternactiva de Escrita, Debate e Comunica\u00e7\u00e3o Popular (Beira, 21, 22 e 23 de Fevereiro) - Alternactiva","robots":{"index":"index","follow":"follow","max-snippet":"max-snippet:-1","max-image-preview":"max-image-preview:large","max-video-preview":"max-video-preview:-1"},"canonical":"https:\/\/alternactiva.co.mz\/en\/programa-escola-alternativa-de-escrita-e-comunicacao-popular-beira-20-13-fevereiro\/","og_locale":"en_GB","og_type":"article","og_title":"Programa Geral de Forma\u00e7\u00e3o - Escola Alternactiva de Escrita, Debate e Comunica\u00e7\u00e3o Popular (Beira, 21, 22 e 23 de Fevereiro) - Alternactiva","og_description":"\u00a0 Escola Alternativa de Forma\u00e7\u00e3o e Debate Democr\u00e1tico: \u201cEscrita criativa e activismo social\u201d Beira, 20-23 de Fevereiro &nbsp; Proposta de programa (ser\u00e1 discutido, modificado e aprovado pelos participantes) NOTA: Aos participantes ser-lhes h\u00e1 solicitado chegar \u00e0 escola com um texto escrito (entre 700 a mil palavras), tema da sua autoria. Opini\u00e3o ou not\u00edcia. Para exerc\u00edcios [&hellip;]","og_url":"https:\/\/alternactiva.co.mz\/en\/programa-escola-alternativa-de-escrita-e-comunicacao-popular-beira-20-13-fevereiro\/","og_site_name":"Alternactiva","article_publisher":"https:\/\/www.facebook.com\/Alternactiva-771376996531249","article_published_time":"2019-02-15T16:01:52+00:00","article_modified_time":"2023-06-05T13:07:27+00:00","og_image":[{"url":"http:\/\/localhost:8080\/alternactiva\/wp-content\/uploads\/2019\/02\/Altenarctiva-logo.png","type":"","width":"","height":""}],"author":"boamonjane","twitter_card":"summary_large_image","twitter_creator":"@AlternactivaMZ","twitter_site":"@AlternactivaMZ","twitter_misc":{"Written by":"boamonjane","Estimated reading time":"3 minutes"},"schema":{"@context":"https:\/\/schema.org","@graph":[{"@type":"Article","@id":"https:\/\/alternactiva.co.mz\/programa-escola-alternativa-de-escrita-e-comunicacao-popular-beira-20-13-fevereiro\/#article","isPartOf":{"@id":"https:\/\/alternactiva.co.mz\/programa-escola-alternativa-de-escrita-e-comunicacao-popular-beira-20-13-fevereiro\/"},"author":{"name":"boamonjane","@id":"https:\/\/alternactiva.co.mz\/#\/schema\/person\/e02f24c5cdf7e96cc3289c49bb2ae176"},"headline":"Programa Geral de Forma\u00e7\u00e3o &#8211; Escola Alternactiva de Escrita, Debate e Comunica\u00e7\u00e3o Popular (Beira, 21, 22 e 23 de Fevereiro)","datePublished":"2019-02-15T16:01:52+00:00","dateModified":"2023-06-05T13:07:27+00:00","mainEntityOfPage":{"@id":"https:\/\/alternactiva.co.mz\/programa-escola-alternativa-de-escrita-e-comunicacao-popular-beira-20-13-fevereiro\/"},"wordCount":716,"publisher":{"@id":"https:\/\/alternactiva.co.mz\/#organization"},"image":{"@id":"https:\/\/alternactiva.co.mz\/programa-escola-alternativa-de-escrita-e-comunicacao-popular-beira-20-13-fevereiro\/#primaryimage"},"thumbnailUrl":"http:\/\/localhost:8080\/alternactiva\/wp-content\/uploads\/2019\/02\/Altenarctiva-logo.png","articleSection":["Sem categoria"],"inLanguage":"en-GB"},{"@type":"WebPage","@id":"https:\/\/alternactiva.co.mz\/programa-escola-alternativa-de-escrita-e-comunicacao-popular-beira-20-13-fevereiro\/","url":"https:\/\/alternactiva.co.mz\/programa-escola-alternativa-de-escrita-e-comunicacao-popular-beira-20-13-fevereiro\/","name":"Programa Geral de Forma\u00e7\u00e3o - Escola Alternactiva de Escrita, Debate e Comunica\u00e7\u00e3o Popular (Beira, 21, 22 e 23 de Fevereiro) - Alternactiva","isPartOf":{"@id":"https:\/\/alternactiva.co.mz\/#website"},"primaryImageOfPage":{"@id":"https:\/\/alternactiva.co.mz\/programa-escola-alternativa-de-escrita-e-comunicacao-popular-beira-20-13-fevereiro\/#primaryimage"},"image":{"@id":"https:\/\/alternactiva.co.mz\/programa-escola-alternativa-de-escrita-e-comunicacao-popular-beira-20-13-fevereiro\/#primaryimage"},"thumbnailUrl":"http:\/\/localhost:8080\/alternactiva\/wp-content\/uploads\/2019\/02\/Altenarctiva-logo.png","datePublished":"2019-02-15T16:01:52+00:00","dateModified":"2023-06-05T13:07:27+00:00","breadcrumb":{"@id":"https:\/\/alternactiva.co.mz\/programa-escola-alternativa-de-escrita-e-comunicacao-popular-beira-20-13-fevereiro\/#breadcrumb"},"inLanguage":"en-GB","potentialAction":[{"@type":"ReadAction","target":["https:\/\/alternactiva.co.mz\/programa-escola-alternativa-de-escrita-e-comunicacao-popular-beira-20-13-fevereiro\/"]}]},{"@type":"ImageObject","inLanguage":"en-GB","@id":"https:\/\/alternactiva.co.mz\/programa-escola-alternativa-de-escrita-e-comunicacao-popular-beira-20-13-fevereiro\/#primaryimage","url":"http:\/\/localhost:8080\/alternactiva\/wp-content\/uploads\/2019\/02\/Altenarctiva-logo.png","contentUrl":"http:\/\/localhost:8080\/alternactiva\/wp-content\/uploads\/2019\/02\/Altenarctiva-logo.png"},{"@type":"BreadcrumbList","@id":"https:\/\/alternactiva.co.mz\/programa-escola-alternativa-de-escrita-e-comunicacao-popular-beira-20-13-fevereiro\/#breadcrumb","itemListElement":[{"@type":"ListItem","position":1,"name":"Home","item":"https:\/\/alternactiva.co.mz\/"},{"@type":"ListItem","position":2,"name":"Programa Geral de Forma\u00e7\u00e3o &#8211; Escola Alternactiva de Escrita, Debate e Comunica\u00e7\u00e3o Popular (Beira, 21, 22 e 23 de Fevereiro)"}]},{"@type":"WebSite","@id":"https:\/\/alternactiva.co.mz\/#website","url":"https:\/\/alternactiva.co.mz\/","name":"Alternactiva","description":"","publisher":{"@id":"https:\/\/alternactiva.co.mz\/#organization"},"potentialAction":[{"@type":"SearchAction","target":{"@type":"EntryPoint","urlTemplate":"https:\/\/alternactiva.co.mz\/?s={search_term_string}"},"query-input":{"@type":"PropertyValueSpecification","valueRequired":true,"valueName":"search_term_string"}}],"inLanguage":"en-GB"},{"@type":"Organization","@id":"https:\/\/alternactiva.co.mz\/#organization","name":"Alternactiva","url":"https:\/\/alternactiva.co.mz\/","logo":{"@type":"ImageObject","inLanguage":"en-GB","@id":"https:\/\/alternactiva.co.mz\/#\/schema\/logo\/image\/","url":"https:\/\/alternactiva.co.mz\/wp-content\/uploads\/2023\/05\/alternactiva-white.png","contentUrl":"https:\/\/alternactiva.co.mz\/wp-content\/uploads\/2023\/05\/alternactiva-white.png","width":300,"height":171,"caption":"Alternactiva"},"image":{"@id":"https:\/\/alternactiva.co.mz\/#\/schema\/logo\/image\/"},"sameAs":["https:\/\/www.facebook.com\/Alternactiva-771376996531249","https:\/\/x.com\/AlternactivaMZ","https:\/\/www.instagram.com\/alternactivamoz\/","https:\/\/www.youtube.com\/@alternactivaplataforma4685"]},{"@type":"Person","@id":"https:\/\/alternactiva.co.mz\/#\/schema\/person\/e02f24c5cdf7e96cc3289c49bb2ae176","name":"boamonjane","image":{"@type":"ImageObject","inLanguage":"en-GB","@id":"https:\/\/alternactiva.co.mz\/#\/schema\/person\/image\/","url":"https:\/\/secure.gravatar.com\/avatar\/6f393fa9e7db4a4f58b55dc24bba6fe838238353021d6dee350e4a480abe65a1?s=96&d=mm&r=g","contentUrl":"https:\/\/secure.gravatar.com\/avatar\/6f393fa9e7db4a4f58b55dc24bba6fe838238353021d6dee350e4a480abe65a1?s=96&d=mm&r=g","caption":"boamonjane"},"sameAs":["http:\/\/alternactiva.co.mz"],"url":"https:\/\/alternactiva.co.mz\/en\/author\/boamonjane\/"}]}},"_links":{"self":[{"href":"https:\/\/alternactiva.co.mz\/en\/wp-json\/wp\/v2\/posts\/206","targetHints":{"allow":["GET"]}}],"collection":[{"href":"https:\/\/alternactiva.co.mz\/en\/wp-json\/wp\/v2\/posts"}],"about":[{"href":"https:\/\/alternactiva.co.mz\/en\/wp-json\/wp\/v2\/types\/post"}],"author":[{"embeddable":true,"href":"https:\/\/alternactiva.co.mz\/en\/wp-json\/wp\/v2\/users\/1"}],"replies":[{"embeddable":true,"href":"https:\/\/alternactiva.co.mz\/en\/wp-json\/wp\/v2\/comments?post=206"}],"version-history":[{"count":1,"href":"https:\/\/alternactiva.co.mz\/en\/wp-json\/wp\/v2\/posts\/206\/revisions"}],"predecessor-version":[{"id":2190,"href":"https:\/\/alternactiva.co.mz\/en\/wp-json\/wp\/v2\/posts\/206\/revisions\/2190"}],"wp:attachment":[{"href":"https:\/\/alternactiva.co.mz\/en\/wp-json\/wp\/v2\/media?parent=206"}],"wp:term":[{"taxonomy":"category","embeddable":true,"href":"https:\/\/alternactiva.co.mz\/en\/wp-json\/wp\/v2\/categories?post=206"},{"taxonomy":"post_tag","embeddable":true,"href":"https:\/\/alternactiva.co.mz\/en\/wp-json\/wp\/v2\/tags?post=206"}],"curies":[{"name":"wp","href":"https:\/\/api.w.org\/{rel}","templated":true}]}}