{"id":277,"date":"2019-08-31T02:25:04","date_gmt":"2019-08-31T02:25:04","guid":{"rendered":"http:\/\/localhost:8080\/alternactiva\/?p=277"},"modified":"2023-06-05T13:05:43","modified_gmt":"2023-06-05T13:05:43","slug":"desabafo-de-um-indio-da-amazonia","status":"publish","type":"post","link":"https:\/\/alternactiva.co.mz\/en\/desabafo-de-um-indio-da-amazonia\/","title":{"rendered":"Desabafo de um \u00cdndio da Amaz\u00f3nia"},"content":{"rendered":"<figure id=\"attachment_278\" aria-describedby=\"caption-attachment-278\" style=\"width: 500px\" class=\"wp-caption alignnone\"><img loading=\"lazy\" decoding=\"async\" class=\"size-full wp-image-278\" src=\"http:\/\/localhost:8080\/alternactiva\/wp-content\/uploads\/2019\/08\/indio_Pinterest.jpg\" alt=\"\" width=\"500\" height=\"375\" srcset=\"https:\/\/alternactiva.co.mz\/wp-content\/uploads\/2019\/08\/indio_Pinterest.jpg 500w, https:\/\/alternactiva.co.mz\/wp-content\/uploads\/2019\/08\/indio_Pinterest-300x225.jpg 300w\" sizes=\"auto, (max-width: 500px) 100vw, 500px\" \/><figcaption id=\"caption-attachment-278\" class=\"wp-caption-text\">Fonte: Pinterest.pt<\/figcaption><\/figure>\n<p>Talvez o deus da nossa mata esteja zangado connosco e cansou-se de nos proteger de tudo que entra em nosso espa\u00e7o. Talvez tenha chegado a hora de seguir para a eternidade, de corpo nu e sem nada nas m\u00e3os. Uns olham isso como mata, mas n\u00f3s tomamos tudo isso como sendo a nossa casa. Essas \u00e1rvores que nos d\u00e3o sombras e ar para respirar, fizeram o mesmo com os nossos antepassados que se foram com as correntes do tempo. Talvez tenha chegado a hora de seguir para a eternidade. Isso n\u00e3o \u00e9 floresta, \u00e9 nossa casa; n\u00e3o ardeu uma floresta, mas sim uma casa; uma casa com gente de carne e osso, gente que sabe amar o desconhecido, gente que foi trazida a vida pelo universo, gente que caminha descal\u00e7a para melhor sentir o sabor da terra, do ch\u00e3o, gente que ama, gente que pensa, neste momento, que foi abandonada pelo deus da mata, gente que chora e sabe que fora dessa mata, que \u00e9 nossa casa, h\u00e1 gente e h\u00e1 gente.<\/p>\n<p>N\u00e3o ardeu uma floresta, mas sim uma casa; ardeu e ainda arde uma casa que muitos n\u00e3o sabem que \u00e9 casa. H\u00e1 gente aqui. H\u00e1 gente que ama e que pensa que chegou a sua partida \u00e0 eternidade; h\u00e1 animais que se rolam na \u00e1gua e celebram a unidade com a m\u00e3e natureza, animais que vivem, aqui, sabendo que h\u00e1, tamb\u00e9m, gente. Conto-vos agora a minha hist\u00f3ria. N\u00e3o se trata de hist\u00f3ria, mas sim da f\u00faria das chamas que me ficaram nos olhos e na leveza do cora\u00e7\u00e3o. As chamas vieram gigantes como se tratassem de acrobatas de circos da cidade; equilibravam-se nas \u00e1rvores, saltitavam sobre as \u00e1guas como sombras de antepassados.<\/p>\n<p>Minha fam\u00edlia? Que fam\u00edlia. Dela ficou-me apenas a cinza ainda quente. Ouvi vozes, senti o passo apressado das chamas e vi os corpos da minha fam\u00edlia desfazendo-se em cinza. N\u00e3o desapareceu uma fam\u00edlia, mas sim elementos de um povo ind\u00edgena qualquer que vive ao lado de bichos e animais, gente menor. Mas, h\u00e1 gente aqui. H\u00e1 gente que ama e que pensa que chegou a sua partida \u00e0 eternidade. Minha fam\u00edlia reduziu-se a cinza. Quis chorar, mas com que olhos ia chorar uma fam\u00edlia inteira que se foi \u00e0 eternidade sem mim? Sou \u00cdndio e quando vim ao Mundo fui dito que minha casa era esta: ao lado da natureza, cruzando pegadas de animais, andando de peito nu, amando tudo que aqui existe e bebendo o cheiro das nuvens pelos copos l\u00edquidos da chuva.<\/p>\n<p>Talvez seja devasta\u00e7\u00e3o ilegal, chamas, aquecimento global, mas devo dizer aqui \u00e9 tamb\u00e9m uma casa com gente de carne e osso, gente que sabe amar o desconhecido, gente que foi trazida a vida pelo universo. Minha fam\u00edlia reduziu-se a cinza. Peguei as cinzas como as mesmas m\u00e3os que tocava os cabelos dos meus filhos e a m\u00e3o da minha esposa. Estavam todos juntos: cinza conjunta e misturada.<\/p>\n<p>&#8211; Coitado dos \u00cdndios!<\/p>\n<p>Que coitado dos \u00cdndios! N\u00f3s n\u00e3o somos gente, n\u00e3o temos fam\u00edlia. Sintam pena da nossa mata, dos nossos rios e dos nossos animais que connosco viviam em paz. Sintam pena das cinzas que n\u00e3o tiveram que as apanhar e junt\u00e1-las nas m\u00e3os como nos sent\u00e1vamos para raspar as nossas caba\u00e7as. Sintam pena das chamas que ningu\u00e9m debelou e n\u00e3o das vidas apagadas.<\/p>\n<p>&#8211; Coitado dos \u00cdndios!<\/p>\n<p>Talvez tenha chegado a hora de seguir para a eternidade, de corpo nu e sem nada nas m\u00e3os. Seguir com cinzas quentes e nada mais. E pisar outras cinzas que n\u00e3o tiveram quem as podia esconder entre os dedos. Por que n\u00e3o sentir pena de animais que foram engolidos pelo desequil\u00edbrio ambiental, a ca\u00e7a e pesca predat\u00f3ria, a polui\u00e7\u00e3o do solo, do ar e da \u00e1gua e as altera\u00e7\u00f5es clim\u00e1ticas? Sintam pena dos animais espalhados e carbonizados.<\/p>\n<p>H\u00e1 gente aqui. H\u00e1 gente que ama e que pensa que chegou a sua partida \u00e0 eternidade e o que queremos \u00e9 que saibam disso. N\u00e3o queremos reconhecimento, apenas que saibam que aqui h\u00e1 gente em tribos, gente que pesca, ca\u00e7a e cultiva seus pr\u00f3prios alimentos e tem cinzas nas m\u00e3os.<\/p>\n<p>______<\/p>\n<p><img loading=\"lazy\" decoding=\"async\" class=\"alignnone wp-image-190\" src=\"http:\/\/localhost:8080\/alternactiva\/wp-content\/uploads\/2019\/01\/sergio-raimundo-mmo1.jpg\" alt=\"\" width=\"202\" height=\"180\" srcset=\"https:\/\/alternactiva.co.mz\/wp-content\/uploads\/2019\/01\/sergio-raimundo-mmo1.jpg 475w, https:\/\/alternactiva.co.mz\/wp-content\/uploads\/2019\/01\/sergio-raimundo-mmo1-300x268.jpg 300w\" sizes=\"auto, (max-width: 202px) 100vw, 202px\" \/><\/p>\n<p><em>* S\u00e9rgio Raimundo \u00e9 licenciado em Filosofia pela Faculdade de Filosofia, Universidade Eduardo Mondlane. Consultor lingu\u00edstico e escritor, \u00e9\u00a0 membro do Comit\u00e9 Editorial d\u00b4<strong>Alternactiva<\/strong>.<\/em><\/p>","protected":false},"excerpt":{"rendered":"<p>S\u00e9rgio Raimundo*<\/p>","protected":false},"author":1,"featured_media":278,"comment_status":"closed","ping_status":"open","sticky":false,"template":"","format":"standard","meta":{"footnotes":""},"categories":[7],"tags":[],"class_list":["post-277","post","type-post","status-publish","format-standard","has-post-thumbnail","hentry","category-sem-categoria"],"yoast_head":"<!-- This site is optimized with the Yoast SEO plugin v24.0 - https:\/\/yoast.com\/wordpress\/plugins\/seo\/ -->\n<title>Desabafo de um \u00cdndio da Amaz\u00f3nia - Alternactiva<\/title>\n<meta name=\"robots\" content=\"index, follow, max-snippet:-1, max-image-preview:large, max-video-preview:-1\" \/>\n<link rel=\"canonical\" href=\"https:\/\/alternactiva.co.mz\/en\/desabafo-de-um-indio-da-amazonia\/\" \/>\n<meta property=\"og:locale\" content=\"en_GB\" \/>\n<meta property=\"og:type\" content=\"article\" \/>\n<meta property=\"og:title\" content=\"Desabafo de um \u00cdndio da Amaz\u00f3nia - Alternactiva\" \/>\n<meta property=\"og:description\" content=\"S\u00e9rgio Raimundo*\" \/>\n<meta property=\"og:url\" content=\"https:\/\/alternactiva.co.mz\/en\/desabafo-de-um-indio-da-amazonia\/\" \/>\n<meta property=\"og:site_name\" content=\"Alternactiva\" \/>\n<meta property=\"article:publisher\" content=\"https:\/\/www.facebook.com\/Alternactiva-771376996531249\" \/>\n<meta property=\"article:published_time\" content=\"2019-08-31T02:25:04+00:00\" \/>\n<meta property=\"article:modified_time\" content=\"2023-06-05T13:05:43+00:00\" \/>\n<meta property=\"og:image\" content=\"https:\/\/alternactiva.co.mz\/wp-content\/uploads\/2019\/08\/indio_Pinterest.jpg\" \/>\n\t<meta property=\"og:image:width\" content=\"500\" \/>\n\t<meta property=\"og:image:height\" content=\"375\" \/>\n\t<meta property=\"og:image:type\" content=\"image\/jpeg\" \/>\n<meta name=\"author\" content=\"boamonjane\" \/>\n<meta name=\"twitter:card\" content=\"summary_large_image\" \/>\n<meta name=\"twitter:creator\" content=\"@AlternactivaMZ\" \/>\n<meta name=\"twitter:site\" content=\"@AlternactivaMZ\" \/>\n<meta name=\"twitter:label1\" content=\"Written by\" \/>\n\t<meta name=\"twitter:data1\" content=\"boamonjane\" \/>\n\t<meta name=\"twitter:label2\" content=\"Estimated reading time\" \/>\n\t<meta name=\"twitter:data2\" content=\"4 minutes\" \/>\n<script type=\"application\/ld+json\" class=\"yoast-schema-graph\">{\"@context\":\"https:\/\/schema.org\",\"@graph\":[{\"@type\":\"Article\",\"@id\":\"https:\/\/alternactiva.co.mz\/desabafo-de-um-indio-da-amazonia\/#article\",\"isPartOf\":{\"@id\":\"https:\/\/alternactiva.co.mz\/desabafo-de-um-indio-da-amazonia\/\"},\"author\":{\"name\":\"boamonjane\",\"@id\":\"https:\/\/alternactiva.co.mz\/#\/schema\/person\/e02f24c5cdf7e96cc3289c49bb2ae176\"},\"headline\":\"Desabafo de um \u00cdndio da Amaz\u00f3nia\",\"datePublished\":\"2019-08-31T02:25:04+00:00\",\"dateModified\":\"2023-06-05T13:05:43+00:00\",\"mainEntityOfPage\":{\"@id\":\"https:\/\/alternactiva.co.mz\/desabafo-de-um-indio-da-amazonia\/\"},\"wordCount\":769,\"publisher\":{\"@id\":\"https:\/\/alternactiva.co.mz\/#organization\"},\"image\":{\"@id\":\"https:\/\/alternactiva.co.mz\/desabafo-de-um-indio-da-amazonia\/#primaryimage\"},\"thumbnailUrl\":\"https:\/\/alternactiva.co.mz\/wp-content\/uploads\/2019\/08\/indio_Pinterest.jpg\",\"articleSection\":[\"Sem categoria\"],\"inLanguage\":\"en-GB\"},{\"@type\":\"WebPage\",\"@id\":\"https:\/\/alternactiva.co.mz\/desabafo-de-um-indio-da-amazonia\/\",\"url\":\"https:\/\/alternactiva.co.mz\/desabafo-de-um-indio-da-amazonia\/\",\"name\":\"Desabafo de um \u00cdndio da Amaz\u00f3nia - Alternactiva\",\"isPartOf\":{\"@id\":\"https:\/\/alternactiva.co.mz\/#website\"},\"primaryImageOfPage\":{\"@id\":\"https:\/\/alternactiva.co.mz\/desabafo-de-um-indio-da-amazonia\/#primaryimage\"},\"image\":{\"@id\":\"https:\/\/alternactiva.co.mz\/desabafo-de-um-indio-da-amazonia\/#primaryimage\"},\"thumbnailUrl\":\"https:\/\/alternactiva.co.mz\/wp-content\/uploads\/2019\/08\/indio_Pinterest.jpg\",\"datePublished\":\"2019-08-31T02:25:04+00:00\",\"dateModified\":\"2023-06-05T13:05:43+00:00\",\"breadcrumb\":{\"@id\":\"https:\/\/alternactiva.co.mz\/desabafo-de-um-indio-da-amazonia\/#breadcrumb\"},\"inLanguage\":\"en-GB\",\"potentialAction\":[{\"@type\":\"ReadAction\",\"target\":[\"https:\/\/alternactiva.co.mz\/desabafo-de-um-indio-da-amazonia\/\"]}]},{\"@type\":\"ImageObject\",\"inLanguage\":\"en-GB\",\"@id\":\"https:\/\/alternactiva.co.mz\/desabafo-de-um-indio-da-amazonia\/#primaryimage\",\"url\":\"https:\/\/alternactiva.co.mz\/wp-content\/uploads\/2019\/08\/indio_Pinterest.jpg\",\"contentUrl\":\"https:\/\/alternactiva.co.mz\/wp-content\/uploads\/2019\/08\/indio_Pinterest.jpg\",\"width\":500,\"height\":375,\"caption\":\"Fonte: Pinterest.pt\"},{\"@type\":\"BreadcrumbList\",\"@id\":\"https:\/\/alternactiva.co.mz\/desabafo-de-um-indio-da-amazonia\/#breadcrumb\",\"itemListElement\":[{\"@type\":\"ListItem\",\"position\":1,\"name\":\"Home\",\"item\":\"https:\/\/alternactiva.co.mz\/\"},{\"@type\":\"ListItem\",\"position\":2,\"name\":\"Desabafo de um \u00cdndio da Amaz\u00f3nia\"}]},{\"@type\":\"WebSite\",\"@id\":\"https:\/\/alternactiva.co.mz\/#website\",\"url\":\"https:\/\/alternactiva.co.mz\/\",\"name\":\"Alternactiva\",\"description\":\"\",\"publisher\":{\"@id\":\"https:\/\/alternactiva.co.mz\/#organization\"},\"potentialAction\":[{\"@type\":\"SearchAction\",\"target\":{\"@type\":\"EntryPoint\",\"urlTemplate\":\"https:\/\/alternactiva.co.mz\/?s={search_term_string}\"},\"query-input\":{\"@type\":\"PropertyValueSpecification\",\"valueRequired\":true,\"valueName\":\"search_term_string\"}}],\"inLanguage\":\"en-GB\"},{\"@type\":\"Organization\",\"@id\":\"https:\/\/alternactiva.co.mz\/#organization\",\"name\":\"Alternactiva\",\"url\":\"https:\/\/alternactiva.co.mz\/\",\"logo\":{\"@type\":\"ImageObject\",\"inLanguage\":\"en-GB\",\"@id\":\"https:\/\/alternactiva.co.mz\/#\/schema\/logo\/image\/\",\"url\":\"https:\/\/alternactiva.co.mz\/wp-content\/uploads\/2023\/05\/alternactiva-white.png\",\"contentUrl\":\"https:\/\/alternactiva.co.mz\/wp-content\/uploads\/2023\/05\/alternactiva-white.png\",\"width\":300,\"height\":171,\"caption\":\"Alternactiva\"},\"image\":{\"@id\":\"https:\/\/alternactiva.co.mz\/#\/schema\/logo\/image\/\"},\"sameAs\":[\"https:\/\/www.facebook.com\/Alternactiva-771376996531249\",\"https:\/\/x.com\/AlternactivaMZ\",\"https:\/\/www.instagram.com\/alternactivamoz\/\",\"https:\/\/www.youtube.com\/@alternactivaplataforma4685\"]},{\"@type\":\"Person\",\"@id\":\"https:\/\/alternactiva.co.mz\/#\/schema\/person\/e02f24c5cdf7e96cc3289c49bb2ae176\",\"name\":\"boamonjane\",\"image\":{\"@type\":\"ImageObject\",\"inLanguage\":\"en-GB\",\"@id\":\"https:\/\/alternactiva.co.mz\/#\/schema\/person\/image\/\",\"url\":\"https:\/\/secure.gravatar.com\/avatar\/6f393fa9e7db4a4f58b55dc24bba6fe838238353021d6dee350e4a480abe65a1?s=96&d=mm&r=g\",\"contentUrl\":\"https:\/\/secure.gravatar.com\/avatar\/6f393fa9e7db4a4f58b55dc24bba6fe838238353021d6dee350e4a480abe65a1?s=96&d=mm&r=g\",\"caption\":\"boamonjane\"},\"sameAs\":[\"http:\/\/alternactiva.co.mz\"],\"url\":\"https:\/\/alternactiva.co.mz\/en\/author\/boamonjane\/\"}]}<\/script>\n<!-- \/ Yoast SEO plugin. -->","yoast_head_json":{"title":"Desabafo de um \u00cdndio da Amaz\u00f3nia - Alternactiva","robots":{"index":"index","follow":"follow","max-snippet":"max-snippet:-1","max-image-preview":"max-image-preview:large","max-video-preview":"max-video-preview:-1"},"canonical":"https:\/\/alternactiva.co.mz\/en\/desabafo-de-um-indio-da-amazonia\/","og_locale":"en_GB","og_type":"article","og_title":"Desabafo de um \u00cdndio da Amaz\u00f3nia - Alternactiva","og_description":"S\u00e9rgio Raimundo*","og_url":"https:\/\/alternactiva.co.mz\/en\/desabafo-de-um-indio-da-amazonia\/","og_site_name":"Alternactiva","article_publisher":"https:\/\/www.facebook.com\/Alternactiva-771376996531249","article_published_time":"2019-08-31T02:25:04+00:00","article_modified_time":"2023-06-05T13:05:43+00:00","og_image":[{"width":500,"height":375,"url":"https:\/\/alternactiva.co.mz\/wp-content\/uploads\/2019\/08\/indio_Pinterest.jpg","type":"image\/jpeg"}],"author":"boamonjane","twitter_card":"summary_large_image","twitter_creator":"@AlternactivaMZ","twitter_site":"@AlternactivaMZ","twitter_misc":{"Written by":"boamonjane","Estimated reading time":"4 minutes"},"schema":{"@context":"https:\/\/schema.org","@graph":[{"@type":"Article","@id":"https:\/\/alternactiva.co.mz\/desabafo-de-um-indio-da-amazonia\/#article","isPartOf":{"@id":"https:\/\/alternactiva.co.mz\/desabafo-de-um-indio-da-amazonia\/"},"author":{"name":"boamonjane","@id":"https:\/\/alternactiva.co.mz\/#\/schema\/person\/e02f24c5cdf7e96cc3289c49bb2ae176"},"headline":"Desabafo de um \u00cdndio da Amaz\u00f3nia","datePublished":"2019-08-31T02:25:04+00:00","dateModified":"2023-06-05T13:05:43+00:00","mainEntityOfPage":{"@id":"https:\/\/alternactiva.co.mz\/desabafo-de-um-indio-da-amazonia\/"},"wordCount":769,"publisher":{"@id":"https:\/\/alternactiva.co.mz\/#organization"},"image":{"@id":"https:\/\/alternactiva.co.mz\/desabafo-de-um-indio-da-amazonia\/#primaryimage"},"thumbnailUrl":"https:\/\/alternactiva.co.mz\/wp-content\/uploads\/2019\/08\/indio_Pinterest.jpg","articleSection":["Sem categoria"],"inLanguage":"en-GB"},{"@type":"WebPage","@id":"https:\/\/alternactiva.co.mz\/desabafo-de-um-indio-da-amazonia\/","url":"https:\/\/alternactiva.co.mz\/desabafo-de-um-indio-da-amazonia\/","name":"Desabafo de um \u00cdndio da Amaz\u00f3nia - Alternactiva","isPartOf":{"@id":"https:\/\/alternactiva.co.mz\/#website"},"primaryImageOfPage":{"@id":"https:\/\/alternactiva.co.mz\/desabafo-de-um-indio-da-amazonia\/#primaryimage"},"image":{"@id":"https:\/\/alternactiva.co.mz\/desabafo-de-um-indio-da-amazonia\/#primaryimage"},"thumbnailUrl":"https:\/\/alternactiva.co.mz\/wp-content\/uploads\/2019\/08\/indio_Pinterest.jpg","datePublished":"2019-08-31T02:25:04+00:00","dateModified":"2023-06-05T13:05:43+00:00","breadcrumb":{"@id":"https:\/\/alternactiva.co.mz\/desabafo-de-um-indio-da-amazonia\/#breadcrumb"},"inLanguage":"en-GB","potentialAction":[{"@type":"ReadAction","target":["https:\/\/alternactiva.co.mz\/desabafo-de-um-indio-da-amazonia\/"]}]},{"@type":"ImageObject","inLanguage":"en-GB","@id":"https:\/\/alternactiva.co.mz\/desabafo-de-um-indio-da-amazonia\/#primaryimage","url":"https:\/\/alternactiva.co.mz\/wp-content\/uploads\/2019\/08\/indio_Pinterest.jpg","contentUrl":"https:\/\/alternactiva.co.mz\/wp-content\/uploads\/2019\/08\/indio_Pinterest.jpg","width":500,"height":375,"caption":"Fonte: Pinterest.pt"},{"@type":"BreadcrumbList","@id":"https:\/\/alternactiva.co.mz\/desabafo-de-um-indio-da-amazonia\/#breadcrumb","itemListElement":[{"@type":"ListItem","position":1,"name":"Home","item":"https:\/\/alternactiva.co.mz\/"},{"@type":"ListItem","position":2,"name":"Desabafo de um \u00cdndio da Amaz\u00f3nia"}]},{"@type":"WebSite","@id":"https:\/\/alternactiva.co.mz\/#website","url":"https:\/\/alternactiva.co.mz\/","name":"Alternactiva","description":"","publisher":{"@id":"https:\/\/alternactiva.co.mz\/#organization"},"potentialAction":[{"@type":"SearchAction","target":{"@type":"EntryPoint","urlTemplate":"https:\/\/alternactiva.co.mz\/?s={search_term_string}"},"query-input":{"@type":"PropertyValueSpecification","valueRequired":true,"valueName":"search_term_string"}}],"inLanguage":"en-GB"},{"@type":"Organization","@id":"https:\/\/alternactiva.co.mz\/#organization","name":"Alternactiva","url":"https:\/\/alternactiva.co.mz\/","logo":{"@type":"ImageObject","inLanguage":"en-GB","@id":"https:\/\/alternactiva.co.mz\/#\/schema\/logo\/image\/","url":"https:\/\/alternactiva.co.mz\/wp-content\/uploads\/2023\/05\/alternactiva-white.png","contentUrl":"https:\/\/alternactiva.co.mz\/wp-content\/uploads\/2023\/05\/alternactiva-white.png","width":300,"height":171,"caption":"Alternactiva"},"image":{"@id":"https:\/\/alternactiva.co.mz\/#\/schema\/logo\/image\/"},"sameAs":["https:\/\/www.facebook.com\/Alternactiva-771376996531249","https:\/\/x.com\/AlternactivaMZ","https:\/\/www.instagram.com\/alternactivamoz\/","https:\/\/www.youtube.com\/@alternactivaplataforma4685"]},{"@type":"Person","@id":"https:\/\/alternactiva.co.mz\/#\/schema\/person\/e02f24c5cdf7e96cc3289c49bb2ae176","name":"boamonjane","image":{"@type":"ImageObject","inLanguage":"en-GB","@id":"https:\/\/alternactiva.co.mz\/#\/schema\/person\/image\/","url":"https:\/\/secure.gravatar.com\/avatar\/6f393fa9e7db4a4f58b55dc24bba6fe838238353021d6dee350e4a480abe65a1?s=96&d=mm&r=g","contentUrl":"https:\/\/secure.gravatar.com\/avatar\/6f393fa9e7db4a4f58b55dc24bba6fe838238353021d6dee350e4a480abe65a1?s=96&d=mm&r=g","caption":"boamonjane"},"sameAs":["http:\/\/alternactiva.co.mz"],"url":"https:\/\/alternactiva.co.mz\/en\/author\/boamonjane\/"}]}},"_links":{"self":[{"href":"https:\/\/alternactiva.co.mz\/en\/wp-json\/wp\/v2\/posts\/277","targetHints":{"allow":["GET"]}}],"collection":[{"href":"https:\/\/alternactiva.co.mz\/en\/wp-json\/wp\/v2\/posts"}],"about":[{"href":"https:\/\/alternactiva.co.mz\/en\/wp-json\/wp\/v2\/types\/post"}],"author":[{"embeddable":true,"href":"https:\/\/alternactiva.co.mz\/en\/wp-json\/wp\/v2\/users\/1"}],"replies":[{"embeddable":true,"href":"https:\/\/alternactiva.co.mz\/en\/wp-json\/wp\/v2\/comments?post=277"}],"version-history":[{"count":1,"href":"https:\/\/alternactiva.co.mz\/en\/wp-json\/wp\/v2\/posts\/277\/revisions"}],"predecessor-version":[{"id":2174,"href":"https:\/\/alternactiva.co.mz\/en\/wp-json\/wp\/v2\/posts\/277\/revisions\/2174"}],"wp:featuredmedia":[{"embeddable":true,"href":"https:\/\/alternactiva.co.mz\/en\/wp-json\/wp\/v2\/media\/278"}],"wp:attachment":[{"href":"https:\/\/alternactiva.co.mz\/en\/wp-json\/wp\/v2\/media?parent=277"}],"wp:term":[{"taxonomy":"category","embeddable":true,"href":"https:\/\/alternactiva.co.mz\/en\/wp-json\/wp\/v2\/categories?post=277"},{"taxonomy":"post_tag","embeddable":true,"href":"https:\/\/alternactiva.co.mz\/en\/wp-json\/wp\/v2\/tags?post=277"}],"curies":[{"name":"wp","href":"https:\/\/api.w.org\/{rel}","templated":true}]}}