{"id":540,"date":"2021-05-18T13:12:44","date_gmt":"2021-05-18T13:12:44","guid":{"rendered":"http:\/\/localhost:8080\/alternactiva\/?p=540"},"modified":"2023-06-05T13:02:52","modified_gmt":"2023-06-05T13:02:52","slug":"nota-do-alternactiva-sobre-a-violencia-na-palestina","status":"publish","type":"post","link":"https:\/\/alternactiva.co.mz\/en\/nota-do-alternactiva-sobre-a-violencia-na-palestina\/","title":{"rendered":"Alternative note on violence in Palestine"},"content":{"rendered":"<p><strong><img loading=\"lazy\" decoding=\"async\" class=\"alignnone wp-image-1117 size-full\" src=\"http:\/\/alternactiva.co.mz\/wp-content\/uploads\/2021\/05\/Nota-do-Alternactiva-sobre-a-violencia-na-Palestina.jpg\" alt=\"\" width=\"1008\" height=\"671\" srcset=\"https:\/\/alternactiva.co.mz\/wp-content\/uploads\/2021\/05\/Nota-do-Alternactiva-sobre-a-violencia-na-Palestina.jpg 1008w, https:\/\/alternactiva.co.mz\/wp-content\/uploads\/2021\/05\/Nota-do-Alternactiva-sobre-a-violencia-na-Palestina-300x200.jpg 300w, https:\/\/alternactiva.co.mz\/wp-content\/uploads\/2021\/05\/Nota-do-Alternactiva-sobre-a-violencia-na-Palestina-768x511.jpg 768w\" sizes=\"auto, (max-width: 1008px) 100vw, 1008px\" \/>O Movimento Alternactiva<\/strong>, Plataforma de Debate Democr\u00e1tico pela Emancipa\u00e7\u00e3o Social, vem por este meio expressar o seu sentimento de repulsa contra a selvajaria que o povo palestino vem sofrendo atrozmente; parece que o mundo tornou-se um enorme po\u00e7o de sil\u00eancio perante ao direito \u00e0 vida e \u00e0 paz. \u00c9 a humanidade inteira que se deve levantar e agir, porque a viol\u00eancia, a irac\u00fandia na Palestina n\u00e3o \u00e9 s\u00f3 sofrida pelos palestinianos, mas por todos aqueles que lutam e fazem tudo pela paz e pelo respeito da dignidade humana. A viol\u00eancia, a brutalidade na Palestina deve incomodar-nos enquanto seres para a paz, para o respeito dos direitos humanos fundamentais.<\/p>\n<p>Nas \u00faltimas semanas, Israel voltou a usar for\u00e7a b\u00e9lica irasc\u00edvel contra inocentes, ao bombardear impulsivamente a faixa de Gaza e expulsar residentes palestinos de suas resid\u00eancias em Jerusal\u00e9m.<\/p>\n<p>Nos ataques b\u00e1rbaros, \u00edmpios e brutescos na faixa de Gaza, h\u00e1 pelo menos uma dezena de crian\u00e7as chacinadas bo\u00e7almente. Estes ataques intermitentes do Estado de Israel ao povo palestiniano fazem parte de uma agress\u00e3o e ocupa\u00e7\u00e3o ilegais que o Estado sionista de Israel vem fazendo desde logo depois da sua cria\u00e7\u00e3o em 1948.<\/p>\n<p>The\u00a0<strong>Alternactiva<\/strong>\u00a0associa-se a diversos movimentos do mundo que i\u00e7am a voz para dizer\u00a0<em>Basta \u00e0 Viol\u00eancia na Palestina<\/em>. At\u00e9 quando a Palestina ser\u00e1 o destaque em notici\u00e1rios do mundo inteiro pelo sangue e viol\u00eancia horrenda? A Palestina \u00e9 violentada, ensanguentada, fulminada, por\u00e9m n\u00e3o h\u00e1 pior viol\u00eancia que se possa cometer como promover cinicamente o sil\u00eancio diante de tais atrocidades. N\u00e3o h\u00e1 nada mais cruel que o sil\u00eancio perante a actos desumanos, tenebrosos e macabros como os que se vivem ferozmente na Palestina.<\/p>\n<p>N\u00e3o podemos assistir de m\u00e3os cruzadas aos bombardeios, \u00e0 viol\u00eancia militar e \u00e0 trucida\u00e7\u00e3o \u00e9tnica que se vive na Palestina. O\u00a0<strong>Alternactiva<\/strong>\u00a0manifesta a sua profunda solidariedade para com a Palestina, o seu povo, e n\u00e3o deixa de denunciar a sua repulsa plena contra os assassinatos brutais que esse povo sofre diante do cinismo de todo o mundo, incluindo o c\u00ednico Ocidente, pretenso defensor dos direitos humanos.<\/p>\n<p><strong>Alternactiva<\/strong>\u00a0\u2013 Ac\u00e7\u00e3o Pela Emancipa\u00e7\u00e3o Social, um movimento acad\u00e9mico-activista em Mo\u00e7ambique, condena veememente as ac\u00e7\u00f5es terroristas de Israel contra um povo indefeso. As alega\u00e7\u00f5es de que o combate \u00e9 contra o Hamas, o movimento (movimento palestino de resist\u00eancia constitu\u00edda por uma ala pol\u00edtica e militar) \u00e9 absurda.<\/p>\n<p>A agenda de Israel \u00e9 eliminar etnicamente o povo palestiniano do seu territ\u00f3rio, aquilo que se chama \u201cEthnic cleansing\u201d na l\u00edngua inglesa.<\/p>\n<p>Exigimos que o Estado Mo\u00e7ambicano se posicione, como sempre o fez, a favor do povo palestino, e que lance uma campanha de boicote contra Israel em toda a sua extens\u00e3o<\/p>\n<p><strong>Basta \u00e0 Viol\u00eancia na Palestina, basta a limpeza \u00e9tnica! Que a Palestina viva eternamente.<\/strong><\/p>","protected":false},"excerpt":{"rendered":"<p>O Alternactiva associa-se a diversos movimentos do mundo que i\u00e7am a voz para dizer Basta \u00e0 Viol\u00eancia na Palestina. At\u00e9 quando a Palestina ser\u00e1 o destaque em notici\u00e1rios do mundo inteiro pelo sangue e viol\u00eancia horrenda? A Palestina \u00e9 violentada, ensanguentada, fulminada, por\u00e9m n\u00e3o h\u00e1 pior viol\u00eancia que se possa cometer como promover cinicamente o sil\u00eancio diante de tais atrocidades. N\u00e3o h\u00e1 nada mais cruel que o sil\u00eancio perante a actos desumanos, tenebrosos e macabros como os que se vivem ferozmente na Palestina.<\/p>","protected":false},"author":1,"featured_media":1117,"comment_status":"closed","ping_status":"open","sticky":false,"template":"","format":"standard","meta":{"footnotes":""},"categories":[4],"tags":[],"class_list":["post-540","post","type-post","status-publish","format-standard","has-post-thumbnail","hentry","category-posicionamentos"],"yoast_head":"<!-- This site is optimized with the Yoast SEO plugin v24.0 - https:\/\/yoast.com\/wordpress\/plugins\/seo\/ -->\n<title>Nota do Alternactiva sobre a viol\u00eancia na Palestina - Alternactiva<\/title>\n<meta name=\"robots\" content=\"index, follow, max-snippet:-1, max-image-preview:large, max-video-preview:-1\" \/>\n<link rel=\"canonical\" href=\"https:\/\/alternactiva.co.mz\/en\/nota-do-alternactiva-sobre-a-violencia-na-palestina\/\" \/>\n<meta property=\"og:locale\" content=\"en_GB\" \/>\n<meta property=\"og:type\" content=\"article\" \/>\n<meta property=\"og:title\" content=\"Nota do Alternactiva sobre a viol\u00eancia na Palestina - Alternactiva\" \/>\n<meta property=\"og:description\" content=\"O Alternactiva associa-se a diversos movimentos do mundo que i\u00e7am a voz para dizer Basta \u00e0 Viol\u00eancia na Palestina. At\u00e9 quando a Palestina ser\u00e1 o destaque em notici\u00e1rios do mundo inteiro pelo sangue e viol\u00eancia horrenda? A Palestina \u00e9 violentada, ensanguentada, fulminada, por\u00e9m n\u00e3o h\u00e1 pior viol\u00eancia que se possa cometer como promover cinicamente o sil\u00eancio diante de tais atrocidades. N\u00e3o h\u00e1 nada mais cruel que o sil\u00eancio perante a actos desumanos, tenebrosos e macabros como os que se vivem ferozmente na Palestina.\" \/>\n<meta property=\"og:url\" content=\"https:\/\/alternactiva.co.mz\/en\/nota-do-alternactiva-sobre-a-violencia-na-palestina\/\" \/>\n<meta property=\"og:site_name\" content=\"Alternactiva\" \/>\n<meta property=\"article:publisher\" content=\"https:\/\/www.facebook.com\/Alternactiva-771376996531249\" \/>\n<meta property=\"article:published_time\" content=\"2021-05-18T13:12:44+00:00\" \/>\n<meta property=\"article:modified_time\" content=\"2023-06-05T13:02:52+00:00\" \/>\n<meta property=\"og:image\" content=\"https:\/\/alternactiva.co.mz\/wp-content\/uploads\/2021\/05\/Nota-do-Alternactiva-sobre-a-violencia-na-Palestina.jpg\" \/>\n\t<meta property=\"og:image:width\" content=\"1008\" \/>\n\t<meta property=\"og:image:height\" content=\"671\" \/>\n\t<meta property=\"og:image:type\" content=\"image\/jpeg\" \/>\n<meta name=\"author\" content=\"boamonjane\" \/>\n<meta name=\"twitter:card\" content=\"summary_large_image\" \/>\n<meta name=\"twitter:creator\" content=\"@AlternactivaMZ\" \/>\n<meta name=\"twitter:site\" content=\"@AlternactivaMZ\" \/>\n<meta name=\"twitter:label1\" content=\"Written by\" \/>\n\t<meta name=\"twitter:data1\" content=\"boamonjane\" \/>\n\t<meta name=\"twitter:label2\" content=\"Estimated reading time\" \/>\n\t<meta name=\"twitter:data2\" content=\"3 minutes\" \/>\n<script type=\"application\/ld+json\" class=\"yoast-schema-graph\">{\"@context\":\"https:\/\/schema.org\",\"@graph\":[{\"@type\":\"Article\",\"@id\":\"https:\/\/alternactiva.co.mz\/nota-do-alternactiva-sobre-a-violencia-na-palestina\/#article\",\"isPartOf\":{\"@id\":\"https:\/\/alternactiva.co.mz\/nota-do-alternactiva-sobre-a-violencia-na-palestina\/\"},\"author\":{\"name\":\"boamonjane\",\"@id\":\"https:\/\/alternactiva.co.mz\/#\/schema\/person\/e02f24c5cdf7e96cc3289c49bb2ae176\"},\"headline\":\"Nota do Alternactiva sobre a viol\u00eancia na Palestina\",\"datePublished\":\"2021-05-18T13:12:44+00:00\",\"dateModified\":\"2023-06-05T13:02:52+00:00\",\"mainEntityOfPage\":{\"@id\":\"https:\/\/alternactiva.co.mz\/nota-do-alternactiva-sobre-a-violencia-na-palestina\/\"},\"wordCount\":496,\"publisher\":{\"@id\":\"https:\/\/alternactiva.co.mz\/#organization\"},\"image\":{\"@id\":\"https:\/\/alternactiva.co.mz\/nota-do-alternactiva-sobre-a-violencia-na-palestina\/#primaryimage\"},\"thumbnailUrl\":\"https:\/\/alternactiva.co.mz\/wp-content\/uploads\/2021\/05\/Nota-do-Alternactiva-sobre-a-violencia-na-Palestina.jpg\",\"articleSection\":[\"Posicionamentos\"],\"inLanguage\":\"en-GB\"},{\"@type\":\"WebPage\",\"@id\":\"https:\/\/alternactiva.co.mz\/nota-do-alternactiva-sobre-a-violencia-na-palestina\/\",\"url\":\"https:\/\/alternactiva.co.mz\/nota-do-alternactiva-sobre-a-violencia-na-palestina\/\",\"name\":\"Nota do Alternactiva sobre a viol\u00eancia na Palestina - Alternactiva\",\"isPartOf\":{\"@id\":\"https:\/\/alternactiva.co.mz\/#website\"},\"primaryImageOfPage\":{\"@id\":\"https:\/\/alternactiva.co.mz\/nota-do-alternactiva-sobre-a-violencia-na-palestina\/#primaryimage\"},\"image\":{\"@id\":\"https:\/\/alternactiva.co.mz\/nota-do-alternactiva-sobre-a-violencia-na-palestina\/#primaryimage\"},\"thumbnailUrl\":\"https:\/\/alternactiva.co.mz\/wp-content\/uploads\/2021\/05\/Nota-do-Alternactiva-sobre-a-violencia-na-Palestina.jpg\",\"datePublished\":\"2021-05-18T13:12:44+00:00\",\"dateModified\":\"2023-06-05T13:02:52+00:00\",\"breadcrumb\":{\"@id\":\"https:\/\/alternactiva.co.mz\/nota-do-alternactiva-sobre-a-violencia-na-palestina\/#breadcrumb\"},\"inLanguage\":\"en-GB\",\"potentialAction\":[{\"@type\":\"ReadAction\",\"target\":[\"https:\/\/alternactiva.co.mz\/nota-do-alternactiva-sobre-a-violencia-na-palestina\/\"]}]},{\"@type\":\"ImageObject\",\"inLanguage\":\"en-GB\",\"@id\":\"https:\/\/alternactiva.co.mz\/nota-do-alternactiva-sobre-a-violencia-na-palestina\/#primaryimage\",\"url\":\"https:\/\/alternactiva.co.mz\/wp-content\/uploads\/2021\/05\/Nota-do-Alternactiva-sobre-a-violencia-na-Palestina.jpg\",\"contentUrl\":\"https:\/\/alternactiva.co.mz\/wp-content\/uploads\/2021\/05\/Nota-do-Alternactiva-sobre-a-violencia-na-Palestina.jpg\",\"width\":1008,\"height\":671},{\"@type\":\"BreadcrumbList\",\"@id\":\"https:\/\/alternactiva.co.mz\/nota-do-alternactiva-sobre-a-violencia-na-palestina\/#breadcrumb\",\"itemListElement\":[{\"@type\":\"ListItem\",\"position\":1,\"name\":\"Home\",\"item\":\"https:\/\/alternactiva.co.mz\/\"},{\"@type\":\"ListItem\",\"position\":2,\"name\":\"Nota do Alternactiva sobre a viol\u00eancia na Palestina\"}]},{\"@type\":\"WebSite\",\"@id\":\"https:\/\/alternactiva.co.mz\/#website\",\"url\":\"https:\/\/alternactiva.co.mz\/\",\"name\":\"Alternactiva\",\"description\":\"\",\"publisher\":{\"@id\":\"https:\/\/alternactiva.co.mz\/#organization\"},\"potentialAction\":[{\"@type\":\"SearchAction\",\"target\":{\"@type\":\"EntryPoint\",\"urlTemplate\":\"https:\/\/alternactiva.co.mz\/?s={search_term_string}\"},\"query-input\":{\"@type\":\"PropertyValueSpecification\",\"valueRequired\":true,\"valueName\":\"search_term_string\"}}],\"inLanguage\":\"en-GB\"},{\"@type\":\"Organization\",\"@id\":\"https:\/\/alternactiva.co.mz\/#organization\",\"name\":\"Alternactiva\",\"url\":\"https:\/\/alternactiva.co.mz\/\",\"logo\":{\"@type\":\"ImageObject\",\"inLanguage\":\"en-GB\",\"@id\":\"https:\/\/alternactiva.co.mz\/#\/schema\/logo\/image\/\",\"url\":\"https:\/\/alternactiva.co.mz\/wp-content\/uploads\/2023\/05\/alternactiva-white.png\",\"contentUrl\":\"https:\/\/alternactiva.co.mz\/wp-content\/uploads\/2023\/05\/alternactiva-white.png\",\"width\":300,\"height\":171,\"caption\":\"Alternactiva\"},\"image\":{\"@id\":\"https:\/\/alternactiva.co.mz\/#\/schema\/logo\/image\/\"},\"sameAs\":[\"https:\/\/www.facebook.com\/Alternactiva-771376996531249\",\"https:\/\/x.com\/AlternactivaMZ\",\"https:\/\/www.instagram.com\/alternactivamoz\/\",\"https:\/\/www.youtube.com\/@alternactivaplataforma4685\"]},{\"@type\":\"Person\",\"@id\":\"https:\/\/alternactiva.co.mz\/#\/schema\/person\/e02f24c5cdf7e96cc3289c49bb2ae176\",\"name\":\"boamonjane\",\"image\":{\"@type\":\"ImageObject\",\"inLanguage\":\"en-GB\",\"@id\":\"https:\/\/alternactiva.co.mz\/#\/schema\/person\/image\/\",\"url\":\"https:\/\/secure.gravatar.com\/avatar\/6f393fa9e7db4a4f58b55dc24bba6fe838238353021d6dee350e4a480abe65a1?s=96&d=mm&r=g\",\"contentUrl\":\"https:\/\/secure.gravatar.com\/avatar\/6f393fa9e7db4a4f58b55dc24bba6fe838238353021d6dee350e4a480abe65a1?s=96&d=mm&r=g\",\"caption\":\"boamonjane\"},\"sameAs\":[\"http:\/\/alternactiva.co.mz\"],\"url\":\"https:\/\/alternactiva.co.mz\/en\/author\/boamonjane\/\"}]}<\/script>\n<!-- \/ Yoast SEO plugin. -->","yoast_head_json":{"title":"Nota do Alternactiva sobre a viol\u00eancia na Palestina - Alternactiva","robots":{"index":"index","follow":"follow","max-snippet":"max-snippet:-1","max-image-preview":"max-image-preview:large","max-video-preview":"max-video-preview:-1"},"canonical":"https:\/\/alternactiva.co.mz\/en\/nota-do-alternactiva-sobre-a-violencia-na-palestina\/","og_locale":"en_GB","og_type":"article","og_title":"Nota do Alternactiva sobre a viol\u00eancia na Palestina - Alternactiva","og_description":"O Alternactiva associa-se a diversos movimentos do mundo que i\u00e7am a voz para dizer Basta \u00e0 Viol\u00eancia na Palestina. At\u00e9 quando a Palestina ser\u00e1 o destaque em notici\u00e1rios do mundo inteiro pelo sangue e viol\u00eancia horrenda? A Palestina \u00e9 violentada, ensanguentada, fulminada, por\u00e9m n\u00e3o h\u00e1 pior viol\u00eancia que se possa cometer como promover cinicamente o sil\u00eancio diante de tais atrocidades. N\u00e3o h\u00e1 nada mais cruel que o sil\u00eancio perante a actos desumanos, tenebrosos e macabros como os que se vivem ferozmente na Palestina.","og_url":"https:\/\/alternactiva.co.mz\/en\/nota-do-alternactiva-sobre-a-violencia-na-palestina\/","og_site_name":"Alternactiva","article_publisher":"https:\/\/www.facebook.com\/Alternactiva-771376996531249","article_published_time":"2021-05-18T13:12:44+00:00","article_modified_time":"2023-06-05T13:02:52+00:00","og_image":[{"width":1008,"height":671,"url":"https:\/\/alternactiva.co.mz\/wp-content\/uploads\/2021\/05\/Nota-do-Alternactiva-sobre-a-violencia-na-Palestina.jpg","type":"image\/jpeg"}],"author":"boamonjane","twitter_card":"summary_large_image","twitter_creator":"@AlternactivaMZ","twitter_site":"@AlternactivaMZ","twitter_misc":{"Written by":"boamonjane","Estimated reading time":"3 minutes"},"schema":{"@context":"https:\/\/schema.org","@graph":[{"@type":"Article","@id":"https:\/\/alternactiva.co.mz\/nota-do-alternactiva-sobre-a-violencia-na-palestina\/#article","isPartOf":{"@id":"https:\/\/alternactiva.co.mz\/nota-do-alternactiva-sobre-a-violencia-na-palestina\/"},"author":{"name":"boamonjane","@id":"https:\/\/alternactiva.co.mz\/#\/schema\/person\/e02f24c5cdf7e96cc3289c49bb2ae176"},"headline":"Nota do Alternactiva sobre a viol\u00eancia na Palestina","datePublished":"2021-05-18T13:12:44+00:00","dateModified":"2023-06-05T13:02:52+00:00","mainEntityOfPage":{"@id":"https:\/\/alternactiva.co.mz\/nota-do-alternactiva-sobre-a-violencia-na-palestina\/"},"wordCount":496,"publisher":{"@id":"https:\/\/alternactiva.co.mz\/#organization"},"image":{"@id":"https:\/\/alternactiva.co.mz\/nota-do-alternactiva-sobre-a-violencia-na-palestina\/#primaryimage"},"thumbnailUrl":"https:\/\/alternactiva.co.mz\/wp-content\/uploads\/2021\/05\/Nota-do-Alternactiva-sobre-a-violencia-na-Palestina.jpg","articleSection":["Posicionamentos"],"inLanguage":"en-GB"},{"@type":"WebPage","@id":"https:\/\/alternactiva.co.mz\/nota-do-alternactiva-sobre-a-violencia-na-palestina\/","url":"https:\/\/alternactiva.co.mz\/nota-do-alternactiva-sobre-a-violencia-na-palestina\/","name":"Nota do Alternactiva sobre a viol\u00eancia na Palestina - Alternactiva","isPartOf":{"@id":"https:\/\/alternactiva.co.mz\/#website"},"primaryImageOfPage":{"@id":"https:\/\/alternactiva.co.mz\/nota-do-alternactiva-sobre-a-violencia-na-palestina\/#primaryimage"},"image":{"@id":"https:\/\/alternactiva.co.mz\/nota-do-alternactiva-sobre-a-violencia-na-palestina\/#primaryimage"},"thumbnailUrl":"https:\/\/alternactiva.co.mz\/wp-content\/uploads\/2021\/05\/Nota-do-Alternactiva-sobre-a-violencia-na-Palestina.jpg","datePublished":"2021-05-18T13:12:44+00:00","dateModified":"2023-06-05T13:02:52+00:00","breadcrumb":{"@id":"https:\/\/alternactiva.co.mz\/nota-do-alternactiva-sobre-a-violencia-na-palestina\/#breadcrumb"},"inLanguage":"en-GB","potentialAction":[{"@type":"ReadAction","target":["https:\/\/alternactiva.co.mz\/nota-do-alternactiva-sobre-a-violencia-na-palestina\/"]}]},{"@type":"ImageObject","inLanguage":"en-GB","@id":"https:\/\/alternactiva.co.mz\/nota-do-alternactiva-sobre-a-violencia-na-palestina\/#primaryimage","url":"https:\/\/alternactiva.co.mz\/wp-content\/uploads\/2021\/05\/Nota-do-Alternactiva-sobre-a-violencia-na-Palestina.jpg","contentUrl":"https:\/\/alternactiva.co.mz\/wp-content\/uploads\/2021\/05\/Nota-do-Alternactiva-sobre-a-violencia-na-Palestina.jpg","width":1008,"height":671},{"@type":"BreadcrumbList","@id":"https:\/\/alternactiva.co.mz\/nota-do-alternactiva-sobre-a-violencia-na-palestina\/#breadcrumb","itemListElement":[{"@type":"ListItem","position":1,"name":"Home","item":"https:\/\/alternactiva.co.mz\/"},{"@type":"ListItem","position":2,"name":"Nota do Alternactiva sobre a viol\u00eancia na Palestina"}]},{"@type":"WebSite","@id":"https:\/\/alternactiva.co.mz\/#website","url":"https:\/\/alternactiva.co.mz\/","name":"Alternactiva","description":"","publisher":{"@id":"https:\/\/alternactiva.co.mz\/#organization"},"potentialAction":[{"@type":"SearchAction","target":{"@type":"EntryPoint","urlTemplate":"https:\/\/alternactiva.co.mz\/?s={search_term_string}"},"query-input":{"@type":"PropertyValueSpecification","valueRequired":true,"valueName":"search_term_string"}}],"inLanguage":"en-GB"},{"@type":"Organization","@id":"https:\/\/alternactiva.co.mz\/#organization","name":"Alternactiva","url":"https:\/\/alternactiva.co.mz\/","logo":{"@type":"ImageObject","inLanguage":"en-GB","@id":"https:\/\/alternactiva.co.mz\/#\/schema\/logo\/image\/","url":"https:\/\/alternactiva.co.mz\/wp-content\/uploads\/2023\/05\/alternactiva-white.png","contentUrl":"https:\/\/alternactiva.co.mz\/wp-content\/uploads\/2023\/05\/alternactiva-white.png","width":300,"height":171,"caption":"Alternactiva"},"image":{"@id":"https:\/\/alternactiva.co.mz\/#\/schema\/logo\/image\/"},"sameAs":["https:\/\/www.facebook.com\/Alternactiva-771376996531249","https:\/\/x.com\/AlternactivaMZ","https:\/\/www.instagram.com\/alternactivamoz\/","https:\/\/www.youtube.com\/@alternactivaplataforma4685"]},{"@type":"Person","@id":"https:\/\/alternactiva.co.mz\/#\/schema\/person\/e02f24c5cdf7e96cc3289c49bb2ae176","name":"boamonjane","image":{"@type":"ImageObject","inLanguage":"en-GB","@id":"https:\/\/alternactiva.co.mz\/#\/schema\/person\/image\/","url":"https:\/\/secure.gravatar.com\/avatar\/6f393fa9e7db4a4f58b55dc24bba6fe838238353021d6dee350e4a480abe65a1?s=96&d=mm&r=g","contentUrl":"https:\/\/secure.gravatar.com\/avatar\/6f393fa9e7db4a4f58b55dc24bba6fe838238353021d6dee350e4a480abe65a1?s=96&d=mm&r=g","caption":"boamonjane"},"sameAs":["http:\/\/alternactiva.co.mz"],"url":"https:\/\/alternactiva.co.mz\/en\/author\/boamonjane\/"}]}},"_links":{"self":[{"href":"https:\/\/alternactiva.co.mz\/en\/wp-json\/wp\/v2\/posts\/540","targetHints":{"allow":["GET"]}}],"collection":[{"href":"https:\/\/alternactiva.co.mz\/en\/wp-json\/wp\/v2\/posts"}],"about":[{"href":"https:\/\/alternactiva.co.mz\/en\/wp-json\/wp\/v2\/types\/post"}],"author":[{"embeddable":true,"href":"https:\/\/alternactiva.co.mz\/en\/wp-json\/wp\/v2\/users\/1"}],"replies":[{"embeddable":true,"href":"https:\/\/alternactiva.co.mz\/en\/wp-json\/wp\/v2\/comments?post=540"}],"version-history":[{"count":1,"href":"https:\/\/alternactiva.co.mz\/en\/wp-json\/wp\/v2\/posts\/540\/revisions"}],"predecessor-version":[{"id":1118,"href":"https:\/\/alternactiva.co.mz\/en\/wp-json\/wp\/v2\/posts\/540\/revisions\/1118"}],"wp:featuredmedia":[{"embeddable":true,"href":"https:\/\/alternactiva.co.mz\/en\/wp-json\/wp\/v2\/media\/1117"}],"wp:attachment":[{"href":"https:\/\/alternactiva.co.mz\/en\/wp-json\/wp\/v2\/media?parent=540"}],"wp:term":[{"taxonomy":"category","embeddable":true,"href":"https:\/\/alternactiva.co.mz\/en\/wp-json\/wp\/v2\/categories?post=540"},{"taxonomy":"post_tag","embeddable":true,"href":"https:\/\/alternactiva.co.mz\/en\/wp-json\/wp\/v2\/tags?post=540"}],"curies":[{"name":"wp","href":"https:\/\/api.w.org\/{rel}","templated":true}]}}